{"id":401,"date":"2023-11-22T02:20:41","date_gmt":"2023-11-22T05:20:41","guid":{"rendered":"https:\/\/canicatv.com\/?p=401"},"modified":"2023-11-22T09:10:55","modified_gmt":"2023-11-22T12:10:55","slug":"gastrofest-consolido-los-sabores-de-la-gastronomia-en-bogota-y-la-region","status":"publish","type":"post","link":"https:\/\/canicatv.com\/index.php\/2023\/11\/22\/gastrofest-consolido-los-sabores-de-la-gastronomia-en-bogota-y-la-region\/","title":{"rendered":"GASTROFEST CONSOLID\u00d3 LOS SABORES DE LA GASTRONOM\u00cdA EN BOGOT\u00c1 Y LA REGI\u00d3N"},"content":{"rendered":"\n<p class=\"has-text-align-right\">Por <strong>Rodrigo Ariza<\/strong><\/p>\n\n\n\n<p><a href=\"http:\/\/www.CanicaTV.com\">www.CanicaTV.com<\/a> \u2502 El balance no puede ser mejor, el festival gastron\u00f3mico de la <strong>C\u00e1mara de Comercio de Bogot\u00e1<\/strong> se desarroll\u00f3 con lujos de detalles y los empresarios como los comensales vivieron una experiencia para recordar; Bogot\u00e1 y la regi\u00f3n de Sabana Centro dejaron ver las joyas culinarias.<\/p>\n\n\n\n<p>140 establecimientos participantes en <strong>Gastrofest 2023<\/strong> fueron los protagonistas de la marat\u00f3n de sabores exquisitos y paladares satisfechos, el festival gastron\u00f3mico que tuvo lugar del 3 al 19 de noviembre deja como resultado, a m\u00e1s de un centenar de empresarios agradecidos con la <strong><em>C\u00e1mara de Comercio de Bogot\u00e1<\/em><\/strong>.<\/p>\n\n\n\n<p>100 establecimientos en la Capital de la Rep\u00fablica y 40 en la regi\u00f3n de Sabana Centro estuvieron mostrando sus dotes dentro de la alta gastronom\u00eda, la cocina tradicional, la pasteler\u00eda, el sabor diferente del caf\u00e9, el amargo delicioso de una cerveza artesanal entre otras delicias que se vieron y se deleitaron en esta segunda versi\u00f3n del <strong>Gastrofest 2023<\/strong>.<\/p>\n\n\n\n<p>Obedeciendo a las directrices de la <em>CCB<\/em> dentro de la alianza de medios, <strong><em>CanicaTV.com<\/em><\/strong> se desplaz\u00f3 a algunos de los establecimientos participantes y evidenci\u00f3 el esp\u00edritu participativo dentro de estos d\u00edas de festival.<\/p>\n\n\n\n<p>Aqu\u00ed encontrar\u00e1 algunos de los establecimientos, de los que nos correspondi\u00f3 visitar: <strong><em>MANGUS<\/em><\/strong><em> en Ch\u00eda, A<strong> la Parrilla Gourmet<\/strong> en Cajic\u00e1, <strong>Le BBQ<\/strong> en Ch\u00eda, <strong>Veeya<\/strong> en Sop\u00f3, <strong>Alto Gourmetque<\/strong> de Cajic\u00e1, <strong>Bonly<\/strong> Cocina Italo-Americana en Tenjo, <strong>Helados San Jer\u00f3nimo<\/strong> en Cajic\u00e1 , <strong>Posta<\/strong> en Cajic\u00e1 y<strong> Paprika<\/strong> Cocina a la le\u00f1a de Sop\u00f3<\/em>.<\/p>\n\n\n\n<figure class=\"wp-block-embed is-type-video is-provider-youtube wp-block-embed-youtube wp-embed-aspect-16-9 wp-has-aspect-ratio\"><div class=\"wp-block-embed__wrapper\">\n<div class=\"ast-oembed-container \" style=\"height: 100%;\"><iframe loading=\"lazy\" title=\"GASTROFEST 2023\" width=\"500\" height=\"281\" src=\"https:\/\/www.youtube.com\/embed\/hqFZ2JEyu5w?feature=oembed\" frameborder=\"0\" allow=\"accelerometer; autoplay; clipboard-write; encrypted-media; gyroscope; picture-in-picture; web-share\" allowfullscreen><\/iframe><\/div>\n<\/div><\/figure>\n\n\n\n<figure class=\"wp-block-embed is-type-video is-provider-youtube wp-block-embed-youtube wp-embed-aspect-16-9 wp-has-aspect-ratio\"><div class=\"wp-block-embed__wrapper\">\n<div class=\"ast-oembed-container \" style=\"height: 100%;\"><iframe loading=\"lazy\" title=\"GASTROFEST EN SOP\u00d3 Restaurante VEEYA\" width=\"500\" height=\"281\" src=\"https:\/\/www.youtube.com\/embed\/G8nnw2asjzY?feature=oembed\" frameborder=\"0\" allow=\"accelerometer; autoplay; clipboard-write; encrypted-media; gyroscope; picture-in-picture; web-share\" allowfullscreen><\/iframe><\/div>\n<\/div><\/figure>\n\n\n\n<figure class=\"wp-block-embed is-type-video is-provider-youtube wp-block-embed-youtube wp-embed-aspect-16-9 wp-has-aspect-ratio\"><div class=\"wp-block-embed__wrapper\">\n<div class=\"ast-oembed-container \" style=\"height: 100%;\"><iframe loading=\"lazy\" title=\"GASTROFEST EN SOP\u00d3 Restaurante PAPRIKA\" width=\"500\" height=\"281\" src=\"https:\/\/www.youtube.com\/embed\/0t8H79CarO4?feature=oembed\" frameborder=\"0\" allow=\"accelerometer; autoplay; clipboard-write; encrypted-media; gyroscope; picture-in-picture; web-share\" allowfullscreen><\/iframe><\/div>\n<\/div><\/figure>\n\n\n\n<figure class=\"wp-block-embed is-type-video is-provider-youtube wp-block-embed-youtube wp-embed-aspect-16-9 wp-has-aspect-ratio\"><div class=\"wp-block-embed__wrapper\">\n<div class=\"ast-oembed-container \" style=\"height: 100%;\"><iframe loading=\"lazy\" title=\"A LA PARRILLA GOURTMET CAJICA - CCB GATROFEST 2023\" width=\"500\" height=\"281\" src=\"https:\/\/www.youtube.com\/embed\/sN4joiw8ukw?feature=oembed\" frameborder=\"0\" allow=\"accelerometer; autoplay; clipboard-write; encrypted-media; gyroscope; picture-in-picture; web-share\" allowfullscreen><\/iframe><\/div>\n<\/div><\/figure>\n\n\n\n<figure class=\"wp-block-embed is-type-video is-provider-youtube wp-block-embed-youtube wp-embed-aspect-16-9 wp-has-aspect-ratio\"><div class=\"wp-block-embed__wrapper\">\n<div class=\"ast-oembed-container \" style=\"height: 100%;\"><iframe loading=\"lazy\" title=\"GASTROFEST 2023\" width=\"500\" height=\"281\" src=\"https:\/\/www.youtube.com\/embed\/aP7GraA7JG0?feature=oembed\" frameborder=\"0\" allow=\"accelerometer; autoplay; clipboard-write; encrypted-media; gyroscope; picture-in-picture; web-share\" allowfullscreen><\/iframe><\/div>\n<\/div><\/figure>\n\n\n\n<p>Esta fue una experiencia donde los que la vivieron pudieron precisar que vali\u00f3 la pena haber emprendido esta ruta de platos sabrosos, bien presentados, con una excelente atenci\u00f3n y con precios especiales\u2026<\/p>\n\n\n\n<p>Ahora, lo vivido en esta segunda versi\u00f3n del <strong>Gastrofest 2023<\/strong> quedar\u00e1 en la memoria mientras llega la tercera edici\u00f3n de este festival gastron\u00f3mico que, reactiv\u00f3 los sentidos, en especial el sentido del gusto.<\/p>\n\n\n\n<p>Gracias a <strong>Gastrofest <\/strong>de la <strong><em>C\u00e1mara de Comercio de Bogot\u00e1<\/em><\/strong>, los habitantes y visitantes de Bogot\u00e1 y la regi\u00f3n de Sabana Centro pudieron conocer y reafirmar los sabores y colores de la riqueza culinaria que posee.<\/p>\n\n\n\n<p><strong>Gastrofest<\/strong>: <strong>Una Aventura que dur\u00f3 17 d\u00edas y recorri\u00f3 diferentes rutas cuyos destinos fueron 140 establecimientos que est\u00e1n acostumbrados a ofrecer lo mejor y m\u00e1s delicioso de sus obras culinarias<\/strong>.<\/p>\n\n\n\n<p>______________<br>Informa <strong>CANICA Producciones S.A.S.<\/strong> a trav\u00e9s de sus medios: <strong>CanicaTV.com<\/strong>, <em>canicaradio.com<\/em>, <strong>RevistaUFF.com<\/strong> y Agencia Informativa <strong>100% NOTICIAS<\/strong>.<\/p>\n\n\n\n<p>CONTACTO: +57 <strong>310 3405162<\/strong> &#8211; +57 <strong>317 8 226422<\/strong> <strong>&nbsp;&nbsp;<\/strong>E-mail<a href=\"mailto:contacto@canicaTV.com\">contacto@canicaTV.com<\/a><\/p>\n","protected":false},"excerpt":{"rendered":"<p>Por Rodrigo Ariza www.CanicaTV.com \u2502 El balance no puede ser mejor, el festival gastron\u00f3mico de la C\u00e1mara de Comercio de [&hellip;]<\/p>\n","protected":false},"author":1,"featured_media":402,"comment_status":"open","ping_status":"open","sticky":true,"template":"","format":"standard","meta":{"site-sidebar-layout":"default","site-content-layout":"","ast-site-content-layout":"","site-content-style":"default","site-sidebar-style":"default","ast-global-header-display":"","ast-banner-title-visibility":"","ast-main-header-display":"","ast-hfb-above-header-display":"","ast-hfb-below-header-display":"","ast-hfb-mobile-header-display":"","site-post-title":"","ast-breadcrumbs-content":"","ast-featured-img":"","footer-sml-layout":"","theme-transparent-header-meta":"","adv-header-id-meta":"","stick-header-meta":"","header-above-stick-meta":"","header-main-stick-meta":"","header-below-stick-meta":"","astra-migrate-meta-layouts":"default","ast-page-background-enabled":"default","ast-page-background-meta":{"desktop":{"background-color":"var(--ast-global-color-4)","background-image":"","background-repeat":"repeat","background-position":"center center","background-size":"auto","background-attachment":"scroll","background-type":"","background-media":"","overlay-type":"","overlay-color":"","overlay-gradient":""},"tablet":{"background-color":"","background-image":"","background-repeat":"repeat","background-position":"center center","background-size":"auto","background-attachment":"scroll","background-type":"","background-media":"","overlay-type":"","overlay-color":"","overlay-gradient":""},"mobile":{"background-color":"","background-image":"","background-repeat":"repeat","background-position":"center center","background-size":"auto","background-attachment":"scroll","background-type":"","background-media":"","overlay-type":"","overlay-color":"","overlay-gradient":""}},"ast-content-background-meta":{"desktop":{"background-color":"var(--ast-global-color-5)","background-image":"","background-repeat":"repeat","background-position":"center center","background-size":"auto","background-attachment":"scroll","background-type":"","background-media":"","overlay-type":"","overlay-color":"","overlay-gradient":""},"tablet":{"background-color":"var(--ast-global-color-5)","background-image":"","background-repeat":"repeat","background-position":"center center","background-size":"auto","background-attachment":"scroll","background-type":"","background-media":"","overlay-type":"","overlay-color":"","overlay-gradient":""},"mobile":{"background-color":"var(--ast-global-color-5)","background-image":"","background-repeat":"repeat","background-position":"center center","background-size":"auto","background-attachment":"scroll","background-type":"","background-media":"","overlay-type":"","overlay-color":"","overlay-gradient":""}},"footnotes":""},"categories":[6],"tags":[91,68,85,12,26,84,88,86,89,71,92,90],"_links":{"self":[{"href":"https:\/\/canicatv.com\/index.php\/wp-json\/wp\/v2\/posts\/401"}],"collection":[{"href":"https:\/\/canicatv.com\/index.php\/wp-json\/wp\/v2\/posts"}],"about":[{"href":"https:\/\/canicatv.com\/index.php\/wp-json\/wp\/v2\/types\/post"}],"author":[{"embeddable":true,"href":"https:\/\/canicatv.com\/index.php\/wp-json\/wp\/v2\/users\/1"}],"replies":[{"embeddable":true,"href":"https:\/\/canicatv.com\/index.php\/wp-json\/wp\/v2\/comments?post=401"}],"version-history":[{"count":2,"href":"https:\/\/canicatv.com\/index.php\/wp-json\/wp\/v2\/posts\/401\/revisions"}],"predecessor-version":[{"id":404,"href":"https:\/\/canicatv.com\/index.php\/wp-json\/wp\/v2\/posts\/401\/revisions\/404"}],"wp:featuredmedia":[{"embeddable":true,"href":"https:\/\/canicatv.com\/index.php\/wp-json\/wp\/v2\/media\/402"}],"wp:attachment":[{"href":"https:\/\/canicatv.com\/index.php\/wp-json\/wp\/v2\/media?parent=401"}],"wp:term":[{"taxonomy":"category","embeddable":true,"href":"https:\/\/canicatv.com\/index.php\/wp-json\/wp\/v2\/categories?post=401"},{"taxonomy":"post_tag","embeddable":true,"href":"https:\/\/canicatv.com\/index.php\/wp-json\/wp\/v2\/tags?post=401"}],"curies":[{"name":"wp","href":"https:\/\/api.w.org\/{rel}","templated":true}]}}