{"id":396,"date":"2023-11-21T23:43:11","date_gmt":"2023-11-22T02:43:11","guid":{"rendered":"https:\/\/canicatv.com\/?p=396"},"modified":"2023-11-21T23:43:12","modified_gmt":"2023-11-22T02:43:12","slug":"fortalece-tu-negocio-la-ccb-lo-hace-posible","status":"publish","type":"post","link":"https:\/\/canicatv.com\/index.php\/2023\/11\/21\/fortalece-tu-negocio-la-ccb-lo-hace-posible\/","title":{"rendered":"FORTALECE TU NEGOCIO, LA CCB LO HACE POSIBLE"},"content":{"rendered":"\n<p class=\"has-text-align-right\">Por<strong> Rodrigo Ariza<\/strong><\/p>\n\n\n\n<p><a href=\"http:\/\/www.CajicaTV.com\">www.CanicaTV.com<\/a> \u2502 La C\u00e1mara de Comercio de Bogot\u00e1 en alianza con OP 10 en su muestra gastron\u00f3mica y las Alcald\u00edas de Ch\u00eda, Cota, Tenjo, Tabio y Cajic\u00e1, te invita a esta jornada en la cual podr\u00e1s apoyar a personas empresarias de Ch\u00eda y la Regi\u00f3n, durante esta muestra comercial con la que buscamos apoyar sus emprendimientos y negocios.<\/p>\n\n\n\n<figure class=\"wp-block-image size-full\"><img loading=\"lazy\" decoding=\"async\" width=\"1025\" height=\"601\" title=\"Fortalezca Tu Negocio 2\" src=\"https:\/\/canicatv.com\/wp-content\/uploads\/2023\/11\/fortalezca-tu-negocio-2.jpg\" alt=\"Fortalezca Tu Negocio 2\" class=\"wp-image-397\" srcset=\"https:\/\/canicatv.com\/wp-content\/uploads\/2023\/11\/fortalezca-tu-negocio-2.jpg 1025w, https:\/\/canicatv.com\/wp-content\/uploads\/2023\/11\/fortalezca-tu-negocio-2-300x176.jpg 300w, https:\/\/canicatv.com\/wp-content\/uploads\/2023\/11\/fortalezca-tu-negocio-2-768x450.jpg 768w\" sizes=\"(max-width: 1025px) 100vw, 1025px\" \/><\/figure>\n\n\n\n<p>Adem\u00e1s, en esta oportunidad podr\u00e1s aprovechar las \u201ccharlas\u201d para fortalecer t\u00fa negocio y conoce el testimonio de exitosos empresarios, quienes te contar\u00e1n c\u00f3mo han alcanzado el \u00e9xito con sus negocios.<\/p>\n\n\n\n<p><strong>La cita es este 24 y 25 de noviembre de 9:00 de la ma\u00f1ana a 6:00 de la tarde<\/strong><\/p>\n\n\n\n<p><strong>Sede y Centro Empresarial V\u00eda Ch\u00eda-Cajic\u00e1, ubicada en el Centro de Negocios KUAN. Km 2,5 v\u00eda Ch\u00eda \u2013 Cajic\u00e1.<\/strong><\/p>\n\n\n\n<figure class=\"wp-block-image size-full\"><img loading=\"lazy\" decoding=\"async\" width=\"1025\" height=\"601\" title=\"Fortalezca Tu Negocio 3\" src=\"https:\/\/canicatv.com\/wp-content\/uploads\/2023\/11\/fortalezca-tu-negocio-3.jpg\" alt=\"Fortalezca Tu Negocio 3\" class=\"wp-image-398\" srcset=\"https:\/\/canicatv.com\/wp-content\/uploads\/2023\/11\/fortalezca-tu-negocio-3.jpg 1025w, https:\/\/canicatv.com\/wp-content\/uploads\/2023\/11\/fortalezca-tu-negocio-3-300x176.jpg 300w, https:\/\/canicatv.com\/wp-content\/uploads\/2023\/11\/fortalezca-tu-negocio-3-768x450.jpg 768w\" sizes=\"(max-width: 1025px) 100vw, 1025px\" \/><\/figure>\n\n\n\n<p>Ser\u00e1 un festival lleno de sorpresas, donde aprender\u00e1s y emprender\u00e1s con nuevo \u00edmpetu y renovadas estrategias; inscr\u00edbete y aprovecha los talleres, las charlas y la conferencia <strong><em>\u201cHaciendo negocios con cach\u00e9\u201d<\/em><\/strong> con el \u00e9xitoso empresario y hombre de radio y televisi\u00f3n <em>Willian Vinasco Ch<\/em>., esta es una brillante oportunidad que no te puedes perder.<\/p>\n\n\n\n<p><strong><em>Link de Inscripci\u00f3n: <\/em><\/strong><a href=\"https:\/\/docs.google.com\/forms\/d\/e\/1FAIpQLSerehqxWBql7saKvySF1B8DfOLhwnBGKW5vqxcu9M3GZOrO6g\/viewform?vc=0&amp;c=0&amp;w=1&amp;flr=0\">https:\/\/docs.google.com\/forms\/d\/e\/1FAIpQLSerehqxWBql7saKvySF1B8DfOLhwnBGKW5vqxcu9M3GZOrO6g\/viewform?vc=0&amp;c=0&amp;w=1&amp;flr=0<\/a><\/p>\n\n\n\n<p>La invitaci\u00f3n la hace extensiva la directora de la CCB Ch\u00eda, <strong>Paula Valencia<\/strong> para que se inscriban y asistan a este importante evento dise\u00f1ado para los empresarios de la regi\u00f3n Sabana Centro; los participantes a los talleres recibir\u00e1n certificado de asistencia; recuerden que estos talleres son totalmente gratis, gracias a la C\u00e1mara de Comercio de Bogot\u00e1.<\/p>\n\n\n\n<p><strong><em>*En este art\u00edculo, encuentra la programaci\u00f3n.<\/em><\/strong><\/p>\n\n\n\n<p>______________<br>Informa <strong>CANICA Producciones S.A.S.<\/strong> a trav\u00e9s de sus medios: <strong>CanicaTV.com<\/strong>, <em>canicaradio.com<\/em>, <strong>RevistaUFF.com<\/strong> y Agencia Informativa <strong>100% NOTICIAS<\/strong>.<\/p>\n\n\n\n<p>CONTACTO: +57 <strong>310 3405162<\/strong> &#8211; +57 <strong>317 8 226422<\/strong> <strong>&nbsp;&nbsp;<\/strong>E-mail<a href=\"mailto:contacto@canicaTV.com\">contacto@canicaTV.com<\/a><\/p>\n","protected":false},"excerpt":{"rendered":"<p>Por Rodrigo Ariza www.CanicaTV.com \u2502 La C\u00e1mara de Comercio de Bogot\u00e1 en alianza con OP 10 en su muestra gastron\u00f3mica [&hellip;]<\/p>\n","protected":false},"author":1,"featured_media":399,"comment_status":"open","ping_status":"open","sticky":true,"template":"","format":"standard","meta":{"site-sidebar-layout":"default","site-content-layout":"","ast-site-content-layout":"","site-content-style":"default","site-sidebar-style":"default","ast-global-header-display":"","ast-banner-title-visibility":"","ast-main-header-display":"","ast-hfb-above-header-display":"","ast-hfb-below-header-display":"","ast-hfb-mobile-header-display":"","site-post-title":"","ast-breadcrumbs-content":"","ast-featured-img":"","footer-sml-layout":"","theme-transparent-header-meta":"","adv-header-id-meta":"","stick-header-meta":"","header-above-stick-meta":"","header-main-stick-meta":"","header-below-stick-meta":"","astra-migrate-meta-layouts":"default","ast-page-background-enabled":"default","ast-page-background-meta":{"desktop":{"background-color":"var(--ast-global-color-4)","background-image":"","background-repeat":"repeat","background-position":"center center","background-size":"auto","background-attachment":"scroll","background-type":"","background-media":"","overlay-type":"","overlay-color":"","overlay-gradient":""},"tablet":{"background-color":"","background-image":"","background-repeat":"repeat","background-position":"center center","background-size":"auto","background-attachment":"scroll","background-type":"","background-media":"","overlay-type":"","overlay-color":"","overlay-gradient":""},"mobile":{"background-color":"","background-image":"","background-repeat":"repeat","background-position":"center center","background-size":"auto","background-attachment":"scroll","background-type":"","background-media":"","overlay-type":"","overlay-color":"","overlay-gradient":""}},"ast-content-background-meta":{"desktop":{"background-color":"var(--ast-global-color-5)","background-image":"","background-repeat":"repeat","background-position":"center center","background-size":"auto","background-attachment":"scroll","background-type":"","background-media":"","overlay-type":"","overlay-color":"","overlay-gradient":""},"tablet":{"background-color":"var(--ast-global-color-5)","background-image":"","background-repeat":"repeat","background-position":"center center","background-size":"auto","background-attachment":"scroll","background-type":"","background-media":"","overlay-type":"","overlay-color":"","overlay-gradient":""},"mobile":{"background-color":"var(--ast-global-color-5)","background-image":"","background-repeat":"repeat","background-position":"center center","background-size":"auto","background-attachment":"scroll","background-type":"","background-media":"","overlay-type":"","overlay-color":"","overlay-gradient":""}},"footnotes":""},"categories":[35],"tags":[80,12,57,82,83,81],"_links":{"self":[{"href":"https:\/\/canicatv.com\/index.php\/wp-json\/wp\/v2\/posts\/396"}],"collection":[{"href":"https:\/\/canicatv.com\/index.php\/wp-json\/wp\/v2\/posts"}],"about":[{"href":"https:\/\/canicatv.com\/index.php\/wp-json\/wp\/v2\/types\/post"}],"author":[{"embeddable":true,"href":"https:\/\/canicatv.com\/index.php\/wp-json\/wp\/v2\/users\/1"}],"replies":[{"embeddable":true,"href":"https:\/\/canicatv.com\/index.php\/wp-json\/wp\/v2\/comments?post=396"}],"version-history":[{"count":1,"href":"https:\/\/canicatv.com\/index.php\/wp-json\/wp\/v2\/posts\/396\/revisions"}],"predecessor-version":[{"id":400,"href":"https:\/\/canicatv.com\/index.php\/wp-json\/wp\/v2\/posts\/396\/revisions\/400"}],"wp:featuredmedia":[{"embeddable":true,"href":"https:\/\/canicatv.com\/index.php\/wp-json\/wp\/v2\/media\/399"}],"wp:attachment":[{"href":"https:\/\/canicatv.com\/index.php\/wp-json\/wp\/v2\/media?parent=396"}],"wp:term":[{"taxonomy":"category","embeddable":true,"href":"https:\/\/canicatv.com\/index.php\/wp-json\/wp\/v2\/categories?post=396"},{"taxonomy":"post_tag","embeddable":true,"href":"https:\/\/canicatv.com\/index.php\/wp-json\/wp\/v2\/tags?post=396"}],"curies":[{"name":"wp","href":"https:\/\/api.w.org\/{rel}","templated":true}]}}