{"id":390,"date":"2023-11-06T22:51:07","date_gmt":"2023-11-07T01:51:07","guid":{"rendered":"https:\/\/canicatv.com\/?p=390"},"modified":"2023-11-06T22:51:08","modified_gmt":"2023-11-07T01:51:08","slug":"chia-esta-en-los-guinnes-world-records","status":"publish","type":"post","link":"https:\/\/canicatv.com\/index.php\/2023\/11\/06\/chia-esta-en-los-guinnes-world-records\/","title":{"rendered":"CH\u00cdA EST\u00c1 EN LOS GUINNES WORLD RECORDS"},"content":{"rendered":"\n<p>Por <strong><a href=\"http:\/\/www.CanicaTV.com\">Rodrigo Ariza<\/a><\/strong><\/p>\n\n\n\n<p><strong><a href=\"http:\/\/www.CanicaTV.com\">www.CanicaTV.com<\/a><\/strong> \u2502 El <strong><em><a href=\"http:\/\/www.CanicaTV.com\">Centro Comercial Centro Ch\u00eda<\/a><\/em><\/strong> se convirti\u00f3 en epicentro de \u201ccreatividad con conciencia ambiental\u201d, al presentar El \u00c1rbol Navide\u00f1o hecho con botellas de agua de pl\u00e1stico reciclables, m\u00e1s grande del mundo. Esta haza\u00f1a le permiti\u00f3 al centro comercial figurar en los <em><a href=\"http:\/\/www.CanicaTV.com\">R\u00e9cord Guinness<\/a><\/em>, al derrocar al Libano que ostentaba este honor al haber presentado un \u00e1rbol de navidad de 28,10 metros, levantado en la plaza principal de la ciudad de Chekka.<\/p>\n\n\n\n<figure class=\"wp-block-embed is-type-video is-provider-youtube wp-block-embed-youtube wp-embed-aspect-16-9 wp-has-aspect-ratio\"><div class=\"wp-block-embed__wrapper\">\n<div class=\"ast-oembed-container \" style=\"height: 100%;\"><iframe loading=\"lazy\" title=\"CENTRO CHIA, es R\u00e9cord Mundial...\" width=\"500\" height=\"281\" src=\"https:\/\/www.youtube.com\/embed\/nxDg1fPCG7c?feature=oembed\" frameborder=\"0\" allow=\"accelerometer; autoplay; clipboard-write; encrypted-media; gyroscope; picture-in-picture; web-share\" allowfullscreen><\/iframe><\/div>\n<\/div><\/figure>\n\n\n\n<p><strong><a href=\"http:\/\/www.CanicaTV.com\">CENTRO CH\u00cdA<\/a><\/strong> con su gerente <strong><em>Martha Patricia Carre\u00f1o<\/em><\/strong> y en asocio con la marca Agua Cristal representada por el se\u00f1or <strong><em>Andr\u00e9s Casta\u00f1eda<\/em><\/strong>, mostraron este s\u00e1bado 4 de noviembre de 2023, a la regi\u00f3n, Colombia y el mundo, el <strong><a href=\"http:\/\/www.CanicaTV.com\">\u00c1rbol de Navidad m\u00e1s grande<\/a><\/strong><strong> con una medida de 29,92 metros<\/strong>, que supera el record de 2019 que ten\u00eda el pa\u00eds de Asia Occidental, <strong>\u00e1rbol de navidad que fue construido con 96.865 botellas pet reutilizables y para reciclar<\/strong>.<\/p>\n\n\n\n<p>El <strong><em>Centro Comercial Centro Ch\u00eda<\/em><\/strong> ubicado en el coraz\u00f3n de Sabana Norte, tiene acostumbrados a los visitantes y clientes, a las campa\u00f1as de responsabilidad social de impacto, una de las m\u00e1s recientes fue la realizada en beneficio de del <em>Hospital San Antonio de Ch\u00eda<\/em>, donde se logr\u00f3 la vinculaci\u00f3n de cerca de 230 mil clientes para apoyar la dotaci\u00f3n de este centro asistencial m\u00e9dico; en esta oportunidad, se recaudaron 430 millones de pesos que fueron suficientes para la compra de equipos e insumos que eran necesarias en las \u00e1reas de urgencias, laboratorios y radiolog\u00eda de este hospital.<\/p>\n\n\n\n<p>DESDE AHORA, EN MODO NAVIDAD<\/p>\n\n\n\n<p>A partir del s\u00e1bado 4 de noviembre y desde las 6 de la tarde, los visitantes a Centro Ch\u00eda quedaron en modo navide\u00f1o, la iniciativa del centro comercial de adelantarse en los tiempos, es para que muchos m\u00e1s visitantes aprovechen la majestuosidad de la decoraci\u00f3n, sus alumbrados, las ofertas de temporada y el calor humano que solo se logra comprando en <strong>CENTRO CH\u00cdA<\/strong>.<\/p>\n\n\n\n<p>Fue gratificante ver el rostro de ni\u00f1os, j\u00f3venes, adultos y adultos mayores al presenciar el inicio de la navidad con el momento mismo del encendido de las luces, el \u00e1rbol, los senderos luminosos y el bosque de fantas\u00eda lleno de color, m\u00fasica y los m\u00edticos personajes de la navidad.<\/p>\n\n\n\n<p>El mismo s\u00e1bado 4 de noviembre el <strong>Centro Comercial Centro Ch\u00eda<\/strong> recibi\u00f3 el veredicto de GANADOR del <em>R\u00e9cord Guinness<\/em> con el \u00e1rbol m\u00e1s grande del mundo elaborado con botellas pl\u00e1sticas; desde ya la \u201c<em><a href=\"http:\/\/www.CanicaTV.com\">Ciudad de la Luna<\/a><\/em>\u201d aparece en el libro de los Guinness, gracias a la brillante idea de la gerencia de este centro comercial y su aliado estrat\u00e9gico <em>Agua Cristal<\/em>.<\/p>\n\n\n\n<figure class=\"wp-block-image size-full\"><img loading=\"lazy\" decoding=\"async\" width=\"1024\" height=\"600\" title=\"Centro Chia Nov 2023 2\" src=\"https:\/\/canicatv.com\/wp-content\/uploads\/2023\/11\/centro-chia-nov-2023-2.jpg\" alt=\"Centro Chia Nov 2023 2\" class=\"wp-image-391\" srcset=\"https:\/\/canicatv.com\/wp-content\/uploads\/2023\/11\/centro-chia-nov-2023-2.jpg 1024w, https:\/\/canicatv.com\/wp-content\/uploads\/2023\/11\/centro-chia-nov-2023-2-300x176.jpg 300w, https:\/\/canicatv.com\/wp-content\/uploads\/2023\/11\/centro-chia-nov-2023-2-768x450.jpg 768w\" sizes=\"(max-width: 1024px) 100vw, 1024px\" \/><\/figure>\n\n\n\n<p>PROYECTO UNO FUE LA SENSACI\u00d3N<\/p>\n\n\n\n<p>Pero, para muchos, lo mejor de la noche de este s\u00e1bado 4 de noviembre fue la presentaci\u00f3n de la agrupaci\u00f3n musical estadounidense de origen dominicano <strong><em><a href=\"http:\/\/www.CanicaTV.com\">Proyecto Uno<\/a><\/em><\/strong>, <em>Nelson Zapata<\/em> fundador y vocalista con el resto de la agrupaci\u00f3n hicieron corear y bailar los \u00e9xitos que desde 1989 han calado en el gusto de los amantes del Merengue y el Hip Hop; canciones como <em>&#8220;Est\u00e1 pega&#8217;o&#8221;, &#8220;25 horas&#8221;, &#8220;El tibur\u00f3n&#8221;, \u201cBrinca\u201d, &#8220;Latinos&#8221;, &#8220;Como t\u00fa no hay dos&#8221;,<\/em>&nbsp;<em>&#8220;El grillero&#8221;<\/em>,&nbsp;<em>&#8220;Al otro lado del mar&#8221;<\/em>, <em>&#8220;Amor en la playa&#8221;<\/em>,&nbsp;<em>&#8220;Me resbala&#8221;,<\/em>&nbsp;<em>&#8220;Y t\u00fa peleas&#8221;<\/em><em>,<\/em> entre otras, fueron interpretadas por la agrupaci\u00f3n y cantadas por los asistentes a puro pulm\u00f3n.<\/p>\n\n\n\n<figure class=\"wp-block-video\"><video controls src=\"https:\/\/canicatv.com\/wp-content\/uploads\/2023\/11\/proyecto-uno-1.mp4\"><\/video><\/figure>\n\n\n\n<p>Este, como otros momentos a los que est\u00e1n acostumbrados los visitantes y clientes de <strong>CENTRO CH\u00cdA<\/strong>, son la referencia que no se olvida de un Centro Comercial que lo tiene todo.<\/p>\n\n\n\n<figure class=\"wp-block-image size-large\"><img loading=\"lazy\" decoding=\"async\" width=\"1024\" height=\"599\" title=\"Centro Chia Nov 2023 3\" src=\"https:\/\/canicatv.com\/wp-content\/uploads\/2023\/11\/centro-chia-nov-2023-3-1024x599.jpg\" alt=\"Centro Chia Nov 2023 3\" class=\"wp-image-393\" srcset=\"https:\/\/canicatv.com\/wp-content\/uploads\/2023\/11\/centro-chia-nov-2023-3-1024x599.jpg 1024w, https:\/\/canicatv.com\/wp-content\/uploads\/2023\/11\/centro-chia-nov-2023-3-300x176.jpg 300w, https:\/\/canicatv.com\/wp-content\/uploads\/2023\/11\/centro-chia-nov-2023-3-768x449.jpg 768w, https:\/\/canicatv.com\/wp-content\/uploads\/2023\/11\/centro-chia-nov-2023-3.jpg 1027w\" sizes=\"(max-width: 1024px) 100vw, 1024px\" \/><\/figure>\n\n\n\n<p>Desde la sala de redacci\u00f3n de <strong><em><a href=\"http:\/\/www.CanicaTV.com\">CANICA TELEVISI\u00d3N<\/a><\/em><\/strong> y <strong><em><a href=\"http:\/\/www.CanicaTV.com\">100% Noticias<\/a><\/em><\/strong>, agradecemos a <strong><em><a href=\"http:\/\/www.CanicaTV.com\">Marta Patricia Carre\u00f1o<\/a><\/em><\/strong>, gerente general del Centro Comercial Centro Ch\u00eda y a <strong><em><a href=\"http:\/\/www.CanicaTV.com\">Juan Carlos Osorio<\/a><\/em><\/strong> gerente de Mercadeo, por la invitaci\u00f3n a ser testigos de la genialidad y el trabajo social que emprende siempre <strong><em>Centro Ch\u00eda<\/em><\/strong>. &nbsp;<\/p>\n\n\n\n<p>___________<br>Informa <strong>CANICA Producciones S.A.S.<\/strong> a trav\u00e9s de sus medios: <strong>CanicaTV.com<\/strong>, <em>canicaradio.com<\/em>, <strong>RevistaUFF.com<\/strong> y Agencia Informativa <strong>100% NOTICIAS<\/strong>.<\/p>\n\n\n\n<p>CONTACTO: +57 <strong>310 3405162<\/strong> &#8211; +57 <strong>317 8 226422<\/strong> <strong>&nbsp;&nbsp;<\/strong>E-mail<strong> <a href=\"mailto:contacto@canicaTV.com\">contacto@canicaTV.com<\/a><\/strong><\/p>\n","protected":false},"excerpt":{"rendered":"<p>Por Rodrigo Ariza www.CanicaTV.com \u2502 El Centro Comercial Centro Ch\u00eda se convirti\u00f3 en epicentro de \u201ccreatividad con conciencia ambiental\u201d, al [&hellip;]<\/p>\n","protected":false},"author":1,"featured_media":394,"comment_status":"open","ping_status":"open","sticky":false,"template":"","format":"standard","meta":{"site-sidebar-layout":"default","site-content-layout":"","ast-site-content-layout":"","site-content-style":"default","site-sidebar-style":"default","ast-global-header-display":"","ast-banner-title-visibility":"","ast-main-header-display":"","ast-hfb-above-header-display":"","ast-hfb-below-header-display":"","ast-hfb-mobile-header-display":"","site-post-title":"","ast-breadcrumbs-content":"","ast-featured-img":"","footer-sml-layout":"","theme-transparent-header-meta":"","adv-header-id-meta":"","stick-header-meta":"","header-above-stick-meta":"","header-main-stick-meta":"","header-below-stick-meta":"","astra-migrate-meta-layouts":"default","ast-page-background-enabled":"default","ast-page-background-meta":{"desktop":{"background-color":"var(--ast-global-color-4)","background-image":"","background-repeat":"repeat","background-position":"center center","background-size":"auto","background-attachment":"scroll","background-type":"","background-media":"","overlay-type":"","overlay-color":"","overlay-gradient":""},"tablet":{"background-color":"","background-image":"","background-repeat":"repeat","background-position":"center center","background-size":"auto","background-attachment":"scroll","background-type":"","background-media":"","overlay-type":"","overlay-color":"","overlay-gradient":""},"mobile":{"background-color":"","background-image":"","background-repeat":"repeat","background-position":"center center","background-size":"auto","background-attachment":"scroll","background-type":"","background-media":"","overlay-type":"","overlay-color":"","overlay-gradient":""}},"ast-content-background-meta":{"desktop":{"background-color":"var(--ast-global-color-5)","background-image":"","background-repeat":"repeat","background-position":"center center","background-size":"auto","background-attachment":"scroll","background-type":"","background-media":"","overlay-type":"","overlay-color":"","overlay-gradient":""},"tablet":{"background-color":"var(--ast-global-color-5)","background-image":"","background-repeat":"repeat","background-position":"center center","background-size":"auto","background-attachment":"scroll","background-type":"","background-media":"","overlay-type":"","overlay-color":"","overlay-gradient":""},"mobile":{"background-color":"var(--ast-global-color-5)","background-image":"","background-repeat":"repeat","background-position":"center center","background-size":"auto","background-attachment":"scroll","background-type":"","background-media":"","overlay-type":"","overlay-color":"","overlay-gradient":""}},"footnotes":""},"categories":[7],"tags":[77,74,73,75,79,76,78,72],"_links":{"self":[{"href":"https:\/\/canicatv.com\/index.php\/wp-json\/wp\/v2\/posts\/390"}],"collection":[{"href":"https:\/\/canicatv.com\/index.php\/wp-json\/wp\/v2\/posts"}],"about":[{"href":"https:\/\/canicatv.com\/index.php\/wp-json\/wp\/v2\/types\/post"}],"author":[{"embeddable":true,"href":"https:\/\/canicatv.com\/index.php\/wp-json\/wp\/v2\/users\/1"}],"replies":[{"embeddable":true,"href":"https:\/\/canicatv.com\/index.php\/wp-json\/wp\/v2\/comments?post=390"}],"version-history":[{"count":1,"href":"https:\/\/canicatv.com\/index.php\/wp-json\/wp\/v2\/posts\/390\/revisions"}],"predecessor-version":[{"id":395,"href":"https:\/\/canicatv.com\/index.php\/wp-json\/wp\/v2\/posts\/390\/revisions\/395"}],"wp:featuredmedia":[{"embeddable":true,"href":"https:\/\/canicatv.com\/index.php\/wp-json\/wp\/v2\/media\/394"}],"wp:attachment":[{"href":"https:\/\/canicatv.com\/index.php\/wp-json\/wp\/v2\/media?parent=390"}],"wp:term":[{"taxonomy":"category","embeddable":true,"href":"https:\/\/canicatv.com\/index.php\/wp-json\/wp\/v2\/categories?post=390"},{"taxonomy":"post_tag","embeddable":true,"href":"https:\/\/canicatv.com\/index.php\/wp-json\/wp\/v2\/tags?post=390"}],"curies":[{"name":"wp","href":"https:\/\/api.w.org\/{rel}","templated":true}]}}