{"id":346,"date":"2023-08-29T00:15:44","date_gmt":"2023-08-29T03:15:44","guid":{"rendered":"https:\/\/canicatv.com\/?p=346"},"modified":"2023-08-29T00:15:44","modified_gmt":"2023-08-29T03:15:44","slug":"gofest-2023-uno-de-los-principales-festivales-de-emprendimiento-en-latinoamerica","status":"publish","type":"post","link":"https:\/\/canicatv.com\/index.php\/2023\/08\/29\/gofest-2023-uno-de-los-principales-festivales-de-emprendimiento-en-latinoamerica\/","title":{"rendered":"GOFEST 2023 UNO DE LOS PRINCIPALES FESTIVALES DE EMPRENDIMIENTO EN LATINOAM\u00c9RICA"},"content":{"rendered":"\n<ul>\n<li>Del 30 de agosto al 1 de septiembre, la C\u00e1mara de Comercio de Bogot\u00e1 realizar\u00e1 la VI edici\u00f3n del Festival de Emprendimiento de Bogot\u00e1 Gofest. Tres d\u00edas llenos de inspiraci\u00f3n, aprendizaje y conexiones valiosas para que los emprendedores puedan llevar sus iniciativas al siguiente nivel.<\/li>\n\n\n\n<li>Este a\u00f1o se espera una audiencia de m\u00e1s de 15 mil personas, quienes podr\u00e1n conectar con diversos exponentes reconocidos a nivel mundial, provenientes de Google, Endeavor, Techstars, Habi, AWS, 500, Rappi, Rockstart, Kapital, Alaya Capital, Newtopia, Cube Ventures, entre otros.<\/li>\n\n\n\n<li>M\u00e1s de 150 speakers, valientes founders, prometedoras startups, inversionistas visionarios, mentores de alto nivel y futuros emprendedores se hacen presentes en este escenario que impulsar\u00e1 el vibrante ecosistema emprendedor de la ciudad.<\/li>\n<\/ul>\n\n\n\n<figure class=\"wp-block-video\"><video controls src=\"https:\/\/canicatv.com\/wp-content\/uploads\/2023\/08\/video-vocero-juan-david-casta-o-vicepresidente-de-fortalecimiento-empresarial-de-la-ccb.mp4\"><\/video><\/figure>\n\n\n\n<p>Llega la sexta edici\u00f3n del esperado GoFest 2023, uno de los festivales de emprendimiento m\u00e1s destacados de Latinoam\u00e9rica, del 30 de agosto al 1 de septiembre en \u00c1gora Bogot\u00e1: Centro de Convenciones, para convocar startups, emprendimientos de alto impacto y personas del mundo corporativo interesadas en innovaci\u00f3n, as\u00ed como j\u00f3venes con grandes soluciones para los retos que trae el mercado y el mundo actual.<\/p>\n\n\n\n<p>El programa del Gofest 2023 tiene una agenda con tres grandes escenarios: 1) Conferencias y paneles con m\u00e1s de 100 expositores nacionales e internacionales y l\u00edderes de la industria, expertos en crecimiento acelerado, venture capital, inteligencia artificial y desarrollo de ecosistemas colaborativos, entre otros; 2) Escenario para inversionistas, corporativos y mentores para generar \u201cmatchmaking\u201d con startups en etapa de aceleraci\u00f3n; y 3) Escenario de visibilidad a emprendimientos del ecosistema en etapa de incubaci\u00f3n.<\/p>\n\n\n\n<figure class=\"wp-block-video\"><video controls src=\"https:\/\/canicatv.com\/wp-content\/uploads\/2023\/08\/gofest-2023-promo-2.mp4\"><\/video><\/figure>\n\n\n\n<p><strong>El programa del GoFest 2023: tres d\u00edas llenos de experiencias enriquecedoras<\/strong><\/p>\n\n\n\n<p>En Gofest 2023 los participantes podr\u00e1n tener una experiencia \u00fanica de exploraci\u00f3n, aprendizaje y conexiones con las mentes m\u00e1s innovadoras y exitosas del universo emprendedor, desafiar sus conocimientos en el Venture Valley, donde se recrea el vibrante ecosistema emprendedor de la ciudad: desde corporativos hasta startups, aceleradoras y m\u00e1s, este es el lugar para conectar, colaborar, encontrar potenciales inversionistas, conectar con mentes afines, forjar alianzas estrat\u00e9gicas y expandir el c\u00edrculo de contactos.<\/p>\n\n\n\n<p>Dentro de la agenda los dos unicornios colombianos se hacen presentes: Andr\u00e9s Bilbao y Pablo Villegas de Rappi y Sebasti\u00e1n Noguera de Habi, ejemplos de inspiraci\u00f3n de modelos de negocio sostenibles, escalables y replicables que han demostrado el dinamismo y potencial del ecosistema emprendedor del pa\u00eds.<\/p>\n\n\n\n<p>Tambi\u00e9n estar\u00e1n presentes los representantes de las startups m\u00e1s prometedoras del pa\u00eds, los fondos de inversi\u00f3n y las starups services m\u00e1s destacadas de Latam, como: Diego Noriega de Newtopia, Vic Keller de KLV Capital, Sergio Pach\u00f3n de Kiwibot, Andr\u00e9s Barreto de Techstars, Claudio Barahona de Alaya Capital, Rene Saul de Kapital, Karen Scarpetta de Wework, Samantha Rodr\u00edguez de Google for Startups, Aline Mor de Nestl\u00e9, Daniela Izquierdo de Foodology, Dylan Rosemberg de Growth Rockstar, \u00c1ngela Acosta de Morado y, Hern\u00e1n Fernandez de Angel Ventures, entre muchos m\u00e1s.<\/p>\n\n\n\n<p><strong>Juan David Casta\u00f1o<\/strong>, vicepresidente de Fortalecimiento Empresarial de la CCB, afirm\u00f3 que \u201cEspacios como Gofest contribuyen de manera decidida a inspirar a las startups y emprendedores, y les abre la posibilidad a que entren en contacto con actores clave para el levantamiento de capital, cierre de ventas y a que aprendan de referentes para consolidar sus negocios. Esta es una oportunidad \u00fanica para todas las personas que hacen parte del ecosistema emprendedor para interactuar con algunos de los mentores y oradores m\u00e1s influyentes en el mundo del emprendimiento\u201d.<\/p>\n\n\n\n<p><strong>Novedades del GoFest en 2023<\/strong><\/p>\n\n\n\n<p>Este a\u00f1o, lleno de importantes innovaciones, Gofest tambi\u00e9n trae espacios como Gofest <em>Nights<\/em>, citas con inversionistas y mentores, masterclass, desayunos de oportunidades de inversi\u00f3n y espacios de relacionamiento, permitir\u00e1n m\u00e1s de 400 encuentros entre emprendedores, inversionistas y corporativos. Adem\u00e1s las mujeres Co-Founders de emprendimientos tech tendr\u00e1n la oportunidad de sumarse a un nuevo batch de la aceleradora de la CCB Mujeres tech, esta vez con un enfoque internacional.<\/p>\n\n\n\n<p>Para obtener m\u00e1s detalles e inscripciones, visite el sitio web oficial de GoFest 2023: <a href=\"https:\/\/www.ccb.org.co\/empresarial\/apoyo-sostenibilidad-empresarial\/ventas-visibilidad-y-promocion\/programas-plataformas\/go-fest-2023\">https:\/\/www.ccb.org.co\/empresarial\/apoyo-sostenibilidad-empresarial\/ventas-visibilidad-y-promocion\/programas-plataformas\/go-fest-2023<\/a><\/p>\n\n\n\n<p><strong>Bogot\u00e1-Regi\u00f3n promete ser un hub del emprendimiento en Latam<\/strong><\/p>\n\n\n\n<p>Este festival fue creado por la C\u00e1mara de Comercio de Bogot\u00e1 en 2018 como una de las m\u00e1s importantes apuestas para convertir a Bogot\u00e1 en la capital del emprendimiento y de la innovaci\u00f3n de Am\u00e9rica Latina. No es un reto menor, seg\u00fan el informe Colombia Tech Report, liderado por KPMG Colombia, en alianza con ANDI, EAFIT, CESA, las C\u00e1maras de Comercio de Bogot\u00e1, Cartagena y Cali, e INNpulsa, Colombia contin\u00faa consolid\u00e1ndose como el epicentro de emprendimiento en Am\u00e9rica Latina, albergando aproximadamente 1.327 startups, 17 aceleradoras, 2 Unicornios y 1 Pante\u00f3n, y por su lado, Bogot\u00e1 hospeda el 60% del total de startups en el pa\u00eds.<\/p>\n\n\n\n<p>A su vez, el Global Startup Ecosystem Index 2023 de StartupBlink se\u00f1ala que la ciudad ocupa el tercer puesto, solamente detr\u00e1s de Sao Paulo y Ciudad de M\u00e9xico y, por encima de los ecosistemas de Buenos Aires y Santiago de Chile. Bogot\u00e1 est\u00e1 demostrando la capacidad de los emprendedores colombianos para crear proyectos inmensamente exitosos e impactantes y, por eso, desde el Gofest, la CCB contribuye a posicionar a Bogot\u00e1 como la capital latinoamericana del emprendimiento y la innovaci\u00f3n mediante espacios que dinamizan y fortalecen el ecosistema emprendedor de la ciudad.<\/p>\n\n\n\n<p>________________________________<\/p>\n\n\n\n<p>Informa <strong>CANICA Producciones S.A.S.<\/strong> a trav\u00e9s de sus medios: <strong>CanicaTV.com<\/strong>, <em>canicaradio.com<\/em>, <strong>RevistaUFF.com<\/strong> y Agencia Informativa <strong>100% NOTICIAS<\/strong>.<\/p>\n\n\n\n<p>CONTACTO: +57 <strong>310 3405162<\/strong> &#8211; +57 <em>317 8 226422<\/em> <strong>&nbsp;&nbsp;<\/strong>E-mail<strong> canicaTeVe@gmail<\/strong><\/p>\n","protected":false},"excerpt":{"rendered":"<p>Llega la sexta edici\u00f3n del esperado GoFest 2023, uno de los festivales de emprendimiento m\u00e1s destacados de Latinoam\u00e9rica, del 30 [&hellip;]<\/p>\n","protected":false},"author":1,"featured_media":349,"comment_status":"open","ping_status":"open","sticky":false,"template":"","format":"standard","meta":{"site-sidebar-layout":"default","site-content-layout":"","ast-site-content-layout":"","site-content-style":"default","site-sidebar-style":"default","ast-global-header-display":"","ast-banner-title-visibility":"","ast-main-header-display":"","ast-hfb-above-header-display":"","ast-hfb-below-header-display":"","ast-hfb-mobile-header-display":"","site-post-title":"","ast-breadcrumbs-content":"","ast-featured-img":"","footer-sml-layout":"","theme-transparent-header-meta":"","adv-header-id-meta":"","stick-header-meta":"","header-above-stick-meta":"","header-main-stick-meta":"","header-below-stick-meta":"","astra-migrate-meta-layouts":"default","ast-page-background-enabled":"default","ast-page-background-meta":{"desktop":{"background-color":"var(--ast-global-color-4)","background-image":"","background-repeat":"repeat","background-position":"center center","background-size":"auto","background-attachment":"scroll","background-type":"","background-media":"","overlay-type":"","overlay-color":"","overlay-gradient":""},"tablet":{"background-color":"","background-image":"","background-repeat":"repeat","background-position":"center center","background-size":"auto","background-attachment":"scroll","background-type":"","background-media":"","overlay-type":"","overlay-color":"","overlay-gradient":""},"mobile":{"background-color":"","background-image":"","background-repeat":"repeat","background-position":"center center","background-size":"auto","background-attachment":"scroll","background-type":"","background-media":"","overlay-type":"","overlay-color":"","overlay-gradient":""}},"ast-content-background-meta":{"desktop":{"background-color":"var(--ast-global-color-5)","background-image":"","background-repeat":"repeat","background-position":"center center","background-size":"auto","background-attachment":"scroll","background-type":"","background-media":"","overlay-type":"","overlay-color":"","overlay-gradient":""},"tablet":{"background-color":"var(--ast-global-color-5)","background-image":"","background-repeat":"repeat","background-position":"center center","background-size":"auto","background-attachment":"scroll","background-type":"","background-media":"","overlay-type":"","overlay-color":"","overlay-gradient":""},"mobile":{"background-color":"var(--ast-global-color-5)","background-image":"","background-repeat":"repeat","background-position":"center center","background-size":"auto","background-attachment":"scroll","background-type":"","background-media":"","overlay-type":"","overlay-color":"","overlay-gradient":""}},"footnotes":""},"categories":[35],"tags":[44,12,45,25,43,47,42,46,48],"_links":{"self":[{"href":"https:\/\/canicatv.com\/index.php\/wp-json\/wp\/v2\/posts\/346"}],"collection":[{"href":"https:\/\/canicatv.com\/index.php\/wp-json\/wp\/v2\/posts"}],"about":[{"href":"https:\/\/canicatv.com\/index.php\/wp-json\/wp\/v2\/types\/post"}],"author":[{"embeddable":true,"href":"https:\/\/canicatv.com\/index.php\/wp-json\/wp\/v2\/users\/1"}],"replies":[{"embeddable":true,"href":"https:\/\/canicatv.com\/index.php\/wp-json\/wp\/v2\/comments?post=346"}],"version-history":[{"count":1,"href":"https:\/\/canicatv.com\/index.php\/wp-json\/wp\/v2\/posts\/346\/revisions"}],"predecessor-version":[{"id":350,"href":"https:\/\/canicatv.com\/index.php\/wp-json\/wp\/v2\/posts\/346\/revisions\/350"}],"wp:featuredmedia":[{"embeddable":true,"href":"https:\/\/canicatv.com\/index.php\/wp-json\/wp\/v2\/media\/349"}],"wp:attachment":[{"href":"https:\/\/canicatv.com\/index.php\/wp-json\/wp\/v2\/media?parent=346"}],"wp:term":[{"taxonomy":"category","embeddable":true,"href":"https:\/\/canicatv.com\/index.php\/wp-json\/wp\/v2\/categories?post=346"},{"taxonomy":"post_tag","embeddable":true,"href":"https:\/\/canicatv.com\/index.php\/wp-json\/wp\/v2\/tags?post=346"}],"curies":[{"name":"wp","href":"https:\/\/api.w.org\/{rel}","templated":true}]}}